{"id":10185,"date":"2020-02-12T12:39:23","date_gmt":"2020-02-12T09:39:23","guid":{"rendered":"http:\/\/www.myyazilim.com.tr\/?p=10185"},"modified":"2020-02-12T12:43:12","modified_gmt":"2020-02-12T09:43:12","slug":"neden-plm-kullanmalisiniz","status":"publish","type":"post","link":"https:\/\/www.myyazilim.com.tr\/en\/neden-plm-kullanmalisiniz\/","title":{"rendered":"Neden PLM kullanmal\u0131s\u0131n\u0131z?"},"content":{"rendered":"<section class=\"wpb-content-wrapper\"><p>[vc_row][vc_column][vc_column_text]<\/p>\n<div class=\"summary\">\n<p>G\u00fcn\u00fcm\u00fcz moda end\u00fcstrisi perakende pazarlar\u0131nda ba\u015far\u0131l\u0131 olmay\u0131 zorla\u015ft\u0131ran en \u00f6nemli kriterlerden biri m\u00fc\u015fteri beklentilerinin \u00e7ok y\u00fckselmi\u015f olmas\u0131d\u0131r. En kaliteli \u00fcr\u00fcn\u00fc \u00fcretseniz de deneyim ekonomisinin h\u00e2kim oldu\u011fu g\u00fcn\u00fcm\u00fcz pazarlar\u0131nda art\u0131k m\u00fc\u015fteri sadakatini elinizde tutamayabilirsiniz.<\/p>\n<p>Moda end\u00fcstrisinde \u00e7e\u015fitlili\u011fi artm\u0131\u015f \u00fcr\u00fcnlerin daha h\u0131zl\u0131 pazara sunulmas\u0131, koleksiyonda olmayan yeni \u00fcr\u00fcnlerin sezon devam ederken \u00fcretilmesine karar verilmesi ve bu \u00fcr\u00fcnlerin en k\u0131sa s\u00fcrede ma\u011fazalara yerle\u015ftirilmesi gibi moda perakendesi s\u00fcre\u00e7lerini ki\u015fisel yeteneklere ve manuel s\u00fcre\u00e7lere ba\u011fl\u0131 olarak y\u00f6netebilmek art\u0131k m\u00fcmk\u00fcn de\u011fil. Bu durumda firman\u0131z\u0131 rekabet\u00e7i yapacak ve do\u011fru \u00fcr\u00fcn geli\u015ftirmek i\u00e7in gerekli \u015fartlar\u0131 sa\u011flayacak bir platform olan PLM \u00e7\u00f6z\u00fcm\u00fcne sahip olmak ka\u00e7\u0131n\u0131lmaz g\u00f6r\u00fcn\u00fcyor.<\/p>\n<p><strong><em>PLM ile kazanabilece\u011finiz yeteneklerden baz\u0131lar\u0131 \u015f\u00f6yle:<\/em><\/strong><\/p>\n<ul>\n<li>T\u00fcm modellere, t\u00fcm bilgilere ve t\u00fcm s\u00fcre\u00e7lere her an eri\u015febilme<\/li>\n<li>T\u00fcm koleksiyonu tek bir g\u00fcncel veri kayna\u011f\u0131 \u00fczerinde y\u00f6netme<\/li>\n<li>Koleksiyonun durumunu ve sezon takvimini istedi\u011finiz an g\u00f6rme<\/li>\n<li>\u0130\u015f ak\u0131\u015f\u0131n\u0131z\u0131 y\u00f6netme ve koleksiyon s\u00fcrecinizin neresinde oldu\u011funuzu her an g\u00f6rme<\/li>\n<li>Tasar\u0131mlar\u0131n\u0131z\u0131n temel bilgileri, malzemeleri, \u00e7izim, \u00f6l\u00e7\u00fc tablolar\u0131, \u00f6n maliyeti, numune onaylar\u0131, tedarik durumu gibi \u00fcretim \u00f6ncesi t\u00fcm detaylar\u0131n\u0131n anl\u0131k durumunu izleyebilme<\/li>\n<li>Erken maliyet \u00e7al\u0131\u015fmalar\u0131 ile b\u00fct\u00e7e kontrol\u00fc<\/li>\n<li>Pazara daha h\u0131zl\u0131 \u00fcr\u00fcn sunma<\/li>\n<li>E\u015f zamanl\u0131 tasar\u0131m ve \u00fcr\u00fcn geli\u015ftirme<\/li>\n<li>Tasar\u0131mlar\u0131n\u0131z \u00fczerine firma i\u00e7i anl\u0131k yorum ve haberle\u015fme<\/li>\n<li>Tasar\u0131mlar\u0131n\u0131z\u0131n onay s\u00fcre\u00e7lerini izleme, y\u00f6netme<\/li>\n<li>K\u00fct\u00fcphane olu\u015fturarak bilgi tekrarlar\u0131ndan kurtulma<\/li>\n<li>TechPack (\u00dcr\u00fcn F\u00f6y\u00fc), StyleSheet, BoardSheet vb \u00e7\u0131kt\u0131lar\u0131 otomatik olu\u015fturma<\/li>\n<li>Numune de\u011ferlendirme, kritik, fit onay\u0131 vb. s\u00fcre\u00e7leri kay\u0131t alt\u0131na alma<\/li>\n<li>\u00d6l\u00e7\u00fc tablosu ve seri bilgilerinin otomatik ve hatas\u0131z olmas\u0131n\u0131 sa\u011flama<\/li>\n<li>Tedarik\u00e7ilerle online ileti\u015fim<\/li>\n<li>Tedarik\u00e7i hatalar\u0131n\u0131 minimuma indirme<\/li>\n<li>Numune, \u00fcretim ve kontrol maliyetlerinizi azaltma<\/li>\n<li>&#8230;<\/li>\n<\/ul>\n<\/div>\n<p>[\/vc_column_text][\/vc_column][\/vc_row]<\/p>\n<\/section>","protected":false},"excerpt":{"rendered":"<p>[vc_row][vc_column][vc_column_text] G\u00fcn\u00fcm\u00fcz moda end\u00fcstrisi perakende pazarlar\u0131nda ba\u015far\u0131l\u0131 olmay\u0131 zorla\u015ft\u0131ran en \u00f6nemli kriterlerden biri m\u00fc\u015fteri beklentilerinin \u00e7ok y\u00fckselmi\u015f olmas\u0131d\u0131r. En kaliteli \u00fcr\u00fcn\u00fc \u00fcretseniz de deneyim ekonomisinin h\u00e2kim oldu\u011fu g\u00fcn\u00fcm\u00fcz pazarlar\u0131nda art\u0131k m\u00fc\u015fteri sadakatini elinizde tutamayabilirsiniz. Moda end\u00fcstrisinde \u00e7e\u015fitlili\u011fi artm\u0131\u015f \u00fcr\u00fcnlerin daha h\u0131zl\u0131 pazara sunulmas\u0131, koleksiyonda olmayan yeni \u00fcr\u00fcnlerin sezon devam ederken \u00fcretilmesine karar verilmesi ve bu [&hellip;]<\/p>\n","protected":false},"author":2,"featured_media":10189,"comment_status":"open","ping_status":"open","sticky":false,"template":"","format":"standard","meta":{"footnotes":""},"categories":[82,81],"tags":[],"class_list":["post-10185","post","type-post","status-publish","format-standard","has-post-thumbnail","hentry","category-fashion-retail-en","category-plm-en"],"acf":[],"_links":{"self":[{"href":"https:\/\/www.myyazilim.com.tr\/en\/wp-json\/wp\/v2\/posts\/10185","targetHints":{"allow":["GET"]}}],"collection":[{"href":"https:\/\/www.myyazilim.com.tr\/en\/wp-json\/wp\/v2\/posts"}],"about":[{"href":"https:\/\/www.myyazilim.com.tr\/en\/wp-json\/wp\/v2\/types\/post"}],"author":[{"embeddable":true,"href":"https:\/\/www.myyazilim.com.tr\/en\/wp-json\/wp\/v2\/users\/2"}],"replies":[{"embeddable":true,"href":"https:\/\/www.myyazilim.com.tr\/en\/wp-json\/wp\/v2\/comments?post=10185"}],"version-history":[{"count":3,"href":"https:\/\/www.myyazilim.com.tr\/en\/wp-json\/wp\/v2\/posts\/10185\/revisions"}],"predecessor-version":[{"id":10192,"href":"https:\/\/www.myyazilim.com.tr\/en\/wp-json\/wp\/v2\/posts\/10185\/revisions\/10192"}],"wp:featuredmedia":[{"embeddable":true,"href":"https:\/\/www.myyazilim.com.tr\/en\/wp-json\/wp\/v2\/media\/10189"}],"wp:attachment":[{"href":"https:\/\/www.myyazilim.com.tr\/en\/wp-json\/wp\/v2\/media?parent=10185"}],"wp:term":[{"taxonomy":"category","embeddable":true,"href":"https:\/\/www.myyazilim.com.tr\/en\/wp-json\/wp\/v2\/categories?post=10185"},{"taxonomy":"post_tag","embeddable":true,"href":"https:\/\/www.myyazilim.com.tr\/en\/wp-json\/wp\/v2\/tags?post=10185"}],"curies":[{"name":"wp","href":"https:\/\/api.w.org\/{rel}","templated":true}]}}