{"id":9507,"date":"2019-06-28T14:25:03","date_gmt":"2019-06-28T11:25:03","guid":{"rendered":"http:\/\/www.myyazilim.com.tr\/bir-plm-implementasyonu\/"},"modified":"2019-11-14T12:17:15","modified_gmt":"2019-11-14T09:17:15","slug":"bir-plm-implementasyonu","status":"publish","type":"post","link":"https:\/\/www.myyazilim.com.tr\/en\/bir-plm-implementasyonu\/","title":{"rendered":"bir PLM implementasyonu&#8230;"},"content":{"rendered":"<section class=\"wpb-content-wrapper\"><p>[vc_row][vc_column][vc_column_text]<img loading=\"lazy\" decoding=\"async\" class=\"wp-image-9119 alignright\" src=\"http:\/\/www.myyazilim.com.tr\/wp-content\/uploads\/2014\/08\/plmimp.png\" alt=\"\" width=\"491\" height=\"276\" srcset=\"https:\/\/www.myyazilim.com.tr\/wp-content\/uploads\/2014\/08\/plmimp.png 1920w, https:\/\/www.myyazilim.com.tr\/wp-content\/uploads\/2014\/08\/plmimp-300x169.png 300w, https:\/\/www.myyazilim.com.tr\/wp-content\/uploads\/2014\/08\/plmimp-768x432.png 768w, https:\/\/www.myyazilim.com.tr\/wp-content\/uploads\/2014\/08\/plmimp-1024x576.png 1024w\" sizes=\"auto, (max-width: 491px) 100vw, 491px\" \/>PLM implementasyonu hi\u00e7 bir implementasyon s\u00fcrecine benzemez&#8230;<\/p>\n<p>\u00c7\u00fcnk\u00fc belki de o g\u00fcne kadar hi\u00e7bir \u015fekilde standardize edilememi\u015f <i>(zaten \u00f6zg\u00fcrl\u00fck temas\u0131 ile \u015fekillenen)<\/i> tasar\u0131m orijinli b\u00fcy\u00fck bir s\u00fcreci bir uygulama ile y\u00f6netilebilecek duruma getirmeye \u00e7al\u0131\u015f\u0131yorsunuz, ger\u00e7ekten pek kolay de\u011fil&#8230;<\/p>\n<p>Her \u015feyden \u00f6nce PLM kavram\u0131n\u0131 iyi tan\u0131mal\u0131s\u0131n\u0131z&#8230;<\/p>\n<p>PLM uygulamas\u0131 yaln\u0131zca bir IT konusu de\u011fildir. PLM \u00fcr\u00fcn bilgileriyle \u00e7al\u0131\u015fan bir i\u015f stratejisidir. Organizasyon, \u0130\u015f S\u00fcre\u00e7leri ve \u00c7al\u0131\u015fma Metodolojisi\u00a0i\u00e7in de\u011fi\u015fim anlam\u0131na gelir. Burada y\u00f6netime \u00f6nemli bir sorumluluk d\u00fc\u015fer. Y\u00f6netim bu de\u011fi\u015fim s\u00fcrecini maksimum desteklemelidir.<\/p>\n<p><b><i><\/i><\/b> [\/vc_column_text]<div class=\"pulse_spacer clearfix\" style=\"height:18px;\"><\/div><div class=\"pulse_bquote_wrapper\"><div class=\"prk_blockquote plain\"><div class=\"in_quote small_headings_color\">B\u00fcy\u00fck d\u00fc\u015f\u00fcn, k\u00fc\u00e7\u00fck ba\u015fla, kademeli geni\u015flet...<\/div><div class=\"pirenko_author zero_color prk_heavier_600\"><span class=\"after_author zero_color\"><\/span><\/div><\/div><\/div><div class=\"pulse_spacer clearfix\" style=\"height:18px;\"><\/div>[vc_column_text]<\/p>\n<p>Y\u00f6netim\u00a0b\u00fcy\u00fck d\u00fc\u015f\u00fcnmeli, s\u00fcre\u00e7le ilgili olmal\u0131 ve\u00a0de\u011fi\u015fimi desteklemelidir. PLM Proje Y\u00f6netimi ise projeye k\u00fc\u00e7\u00fck ba\u015flamal\u0131, projeyi kademeli olarak geni\u015fletmelidir.<\/p>\n<p>Tak\u0131mlar\u0131n\u0131z bu de\u011fi\u015fime haz\u0131rlanmal\u0131 ve g\u00fczel\u00a0bir\u00a0kick-off toplant\u0131s\u0131yla motive edilmeli ve bilgilendirilmelidir.<\/p>\n<p>PLM Proje Y\u00f6netimi&#8217;nin ilk yapmas\u0131 gereken PLM Gereksinimleri&#8217;ni, Ba\u015far\u0131 Fakt\u00f6rleri&#8217;ni ve \u00d6l\u00e7\u00fclebilir Hedefler&#8217;i belirlemektir. Hedefler ise k\u0131sa vadeli ve uzun vadeli olarak fazlara ayr\u0131lmal\u0131d\u0131r.<\/p>\n<p>Projeye yeterli ve yetkin kaynak ayr\u0131lmal\u0131d\u0131r. PLM projelerinde kolay yap\u0131lan hatalardan biri, projeye do\u011fru olmayan ve \u00e7ok az say\u0131da insan kayna\u011f\u0131n\u0131n ayr\u0131lmas\u0131d\u0131r.<\/p>\n<p>Burada as\u0131l olan bir PLM \u00e7\u00f6z\u00fcm\u00fc ile asl\u0131nda organizasyon yap\u0131s\u0131n\u0131n ve i\u015f ak\u0131\u015f\u0131n\u0131n de\u011fi\u015fece\u011fini bilmektir. Manuel\u00a0yollarla y\u00fcr\u00fct\u00fclen bir s\u00fcreci bir yaz\u0131l\u0131m ve bir \u00fcr\u00fcn\u00a0y\u00f6netimi stratejisiyle y\u00f6netmeye ba\u015flad\u0131\u011f\u0131n\u0131zda art\u0131k eski ad\u0131mlar ve eski operasyonlar \u00fczerinde \u0131srarc\u0131 olmamak ve yeni bir organizasyon yap\u0131s\u0131 tasarlamak gerekiyor. Bu yap\u0131lmad\u0131\u011f\u0131nda baz\u0131 kullan\u0131c\u0131lar \u00fczerinde gereksiz y\u00fck ve sorumluluklar eski al\u0131\u015fkanl\u0131klarla devam ediyor ve PLM projesinden beklenen fayda olmas\u0131 gerekti\u011fi kadar ger\u00e7ekle\u015femiyor.<\/p>\n<p>Burada belki de en \u00f6nemlisi bu s\u00fcre\u00e7teki de\u011fi\u015fimi g\u00f6z\u00fcm\u00fczde b\u00fcy\u00fctmemektir. Asl\u0131nda alaca\u011f\u0131m\u0131z birka\u00e7 karar ve birka\u00e7 pratik de\u011fi\u015fiklik bize \u00e7ok \u00f6nemli bir yol ald\u0131r\u0131r. \u0130\u015fte ba\u015far\u0131 burada yat\u0131yor&#8230;<\/p>\n<p>Unutmay\u0131n, ya de\u011fi\u015fimi g\u00f6ze alacak ve ba\u015faracaks\u0131n\u0131z ya da eski sistem \u00fczerinde yanl\u0131\u015flar ve problemlerle devam edeceksiniz, karar sizin!<\/p>\n<p>[\/vc_column_text][\/vc_column][\/vc_row]<\/p>\n<\/section>","protected":false},"excerpt":{"rendered":"<p>[vc_row][vc_column][vc_column_text]PLM implementasyonu hi\u00e7 bir implementasyon s\u00fcrecine benzemez&#8230; \u00c7\u00fcnk\u00fc belki de o g\u00fcne kadar hi\u00e7bir \u015fekilde standardize edilememi\u015f (zaten \u00f6zg\u00fcrl\u00fck temas\u0131 ile \u015fekillenen) tasar\u0131m orijinli b\u00fcy\u00fck bir s\u00fcreci bir uygulama ile y\u00f6netilebilecek duruma getirmeye \u00e7al\u0131\u015f\u0131yorsunuz, ger\u00e7ekten pek kolay de\u011fil&#8230; Her \u015feyden \u00f6nce PLM kavram\u0131n\u0131 iyi tan\u0131mal\u0131s\u0131n\u0131z&#8230; PLM uygulamas\u0131 yaln\u0131zca bir IT konusu de\u011fildir. PLM \u00fcr\u00fcn bilgileriyle [&hellip;]<\/p>\n","protected":false},"author":2,"featured_media":9120,"comment_status":"closed","ping_status":"closed","sticky":false,"template":"","format":"standard","meta":{"footnotes":""},"categories":[82,81],"tags":[],"class_list":["post-9507","post","type-post","status-publish","format-standard","has-post-thumbnail","hentry","category-fashion-retail-en","category-plm-en"],"acf":[],"_links":{"self":[{"href":"https:\/\/www.myyazilim.com.tr\/en\/wp-json\/wp\/v2\/posts\/9507","targetHints":{"allow":["GET"]}}],"collection":[{"href":"https:\/\/www.myyazilim.com.tr\/en\/wp-json\/wp\/v2\/posts"}],"about":[{"href":"https:\/\/www.myyazilim.com.tr\/en\/wp-json\/wp\/v2\/types\/post"}],"author":[{"embeddable":true,"href":"https:\/\/www.myyazilim.com.tr\/en\/wp-json\/wp\/v2\/users\/2"}],"replies":[{"embeddable":true,"href":"https:\/\/www.myyazilim.com.tr\/en\/wp-json\/wp\/v2\/comments?post=9507"}],"version-history":[{"count":1,"href":"https:\/\/www.myyazilim.com.tr\/en\/wp-json\/wp\/v2\/posts\/9507\/revisions"}],"predecessor-version":[{"id":9512,"href":"https:\/\/www.myyazilim.com.tr\/en\/wp-json\/wp\/v2\/posts\/9507\/revisions\/9512"}],"wp:featuredmedia":[{"embeddable":true,"href":"https:\/\/www.myyazilim.com.tr\/en\/wp-json\/wp\/v2\/media\/9120"}],"wp:attachment":[{"href":"https:\/\/www.myyazilim.com.tr\/en\/wp-json\/wp\/v2\/media?parent=9507"}],"wp:term":[{"taxonomy":"category","embeddable":true,"href":"https:\/\/www.myyazilim.com.tr\/en\/wp-json\/wp\/v2\/categories?post=9507"},{"taxonomy":"post_tag","embeddable":true,"href":"https:\/\/www.myyazilim.com.tr\/en\/wp-json\/wp\/v2\/tags?post=9507"}],"curies":[{"name":"wp","href":"https:\/\/api.w.org\/{rel}","templated":true}]}}